{"id":7956,"date":"2024-05-21T01:09:16","date_gmt":"2024-05-20T23:09:16","guid":{"rendered":"https:\/\/visitvendsyssel.dk\/?p=7956"},"modified":"2024-10-31T11:34:56","modified_gmt":"2024-10-31T10:34:56","slug":"guld-harald-vogter-arena-nord","status":"publish","type":"post","link":"https:\/\/visitvendsyssel.dk\/en\/guld-harald-vogter-arena-nord\/","title":{"rendered":"Golden Harald guards the Arena Nord"},"content":{"rendered":"<div data-elementor-type=\"wp-post\" data-elementor-id=\"7956\" class=\"elementor elementor-7956\" data-elementor-post-type=\"post\">\n\t\t\t\t<div data-particle_enable=\"false\" data-particle-mobile-disabled=\"false\" class=\"elementor-element elementor-element-2d5e65f6 e-flex e-con-boxed e-con e-parent\" data-id=\"2d5e65f6\" data-element_type=\"container\" data-e-type=\"container\">\n\t\t\t\t\t<div class=\"e-con-inner\">\n\t\t<div data-particle_enable=\"false\" data-particle-mobile-disabled=\"false\" class=\"elementor-element elementor-element-4a266c25 e-con-full elementor-hidden-mobile e-flex e-con e-child\" data-id=\"4a266c25\" data-element_type=\"container\" data-e-type=\"container\">\n\t\t\t\t<div class=\"elementor-element elementor-element-5bf1be0d elementor-search-form--skin-classic elementor-search-form--button-type-icon elementor-search-form--icon-search elementor-widget elementor-widget-search-form\" data-id=\"5bf1be0d\" data-element_type=\"widget\" data-e-type=\"widget\" data-settings=\"{&quot;skin&quot;:&quot;classic&quot;}\" data-widget_type=\"search-form.default\">\n\t\t\t\t<div class=\"elementor-widget-container\">\n\t\t\t\t\t\t\t<search role=\"search\">\n\t\t\t<form class=\"elementor-search-form\" action=\"https:\/\/visitvendsyssel.dk\/en\/\" method=\"get\" data-trp-original-action=\"https:\/\/visitvendsyssel.dk\/en\">\n\t\t\t\t\t\t\t\t\t\t\t\t<div class=\"elementor-search-form__container\">\n\t\t\t\t\t<label class=\"elementor-screen-only\" for=\"elementor-search-form-5bf1be0d\">Search<\/label>\n\n\t\t\t\t\t\n\t\t\t\t\t<input id=\"elementor-search-form-5bf1be0d\" placeholder=\"Search...\" class=\"elementor-search-form__input\" type=\"search\" name=\"s\" value=\"\">\n\t\t\t\t\t\n\t\t\t\t\t\t\t\t\t\t\t<button class=\"elementor-search-form__submit\" type=\"submit\" aria-label=\"Search\">\n\t\t\t\t\t\t\t\t\t\t\t\t\t\t\t<div class=\"e-font-icon-svg-container\"><svg class=\"fa fa-search e-font-icon-svg e-fas-search\" viewbox=\"0 0 512 512\" xmlns=\"http:\/\/www.w3.org\/2000\/svg\"><path d=\"M505 442.7L405.3 343c-4.5-4.5-10.6-7-17-7H372c27.6-35.3 44-79.7 44-128C416 93.1 322.9 0 208 0S0 93.1 0 208s93.1 208 208 208c48.3 0 92.7-16.4 128-44v16.3c0 6.4 2.5 12.5 7 17l99.7 99.7c9.4 9.4 24.6 9.4 33.9 0l28.3-28.3c9.4-9.4 9.4-24.6.1-34zM208 336c-70.7 0-128-57.2-128-128 0-70.7 57.2-128 128-128 70.7 0 128 57.2 128 128 0 70.7-57.2 128-128 128z\"><\/path><\/svg><\/div>\t\t\t\t\t\t\t\t\t\t\t\t\t<\/button>\n\t\t\t\t\t\n\t\t\t\t\t\t\t\t\t<\/div>\n\t\t\t<input type=\"hidden\" name=\"trp-form-language\" value=\"en\"\/><\/form>\n\t\t<\/search>\n\t\t\t\t\t\t<\/div>\n\t\t\t\t<\/div>\n\t\t\t\t<div class=\"elementor-element elementor-element-5fc6df9 elementor-cta--skin-cover elementor-animated-content elementor-bg-transform elementor-bg-transform-zoom-in elementor-widget elementor-widget-call-to-action\" data-id=\"5fc6df9\" data-element_type=\"widget\" data-e-type=\"widget\" data-widget_type=\"call-to-action.default\">\n\t\t\t\t<div class=\"elementor-widget-container\">\n\t\t\t\t\t\t\t<a class=\"elementor-cta\" href=\"https:\/\/visitvendsyssel.dk\/en\/strandby-restaurant\/\">\n\t\t\t\t\t<div class=\"elementor-cta__bg-wrapper\">\n\t\t\t\t<div class=\"elementor-cta__bg elementor-bg\" style=\"background-image: url(https:\/\/i0.wp.com\/visitvendsyssel.dk\/wp-content\/uploads\/2024\/06\/Mimis-Bistro-3.webp?fit=800%2C1000&#038;ssl=1);\" role=\"img\" aria-label=\"Mimi&#039;s Bistro 3\"><\/div>\n\t\t\t\t<div class=\"elementor-cta__bg-overlay\"><\/div>\n\t\t\t<\/div>\n\t\t\t\t\t\t\t<div class=\"elementor-cta__content\">\n\t\t\t\t\n\t\t\t\t\n\t\t\t\t\t\t\t\t\t<div class=\"elementor-cta__description elementor-cta__content-item elementor-content-item elementor-animated-item--grow\">\n\t\t\t\t\t\tPlaces to eat in Strandby\t\t\t\t\t<\/div>\n\t\t\t\t\n\t\t\t\t\t\t\t\t\t<div class=\"elementor-cta__button-wrapper elementor-cta__content-item elementor-content-item elementor-animated-item--grow\">\n\t\t\t\t\t<span class=\"elementor-cta__button elementor-button elementor-size-\">\n\t\t\t\t\t\tClick here\t\t\t\t\t<\/span>\n\t\t\t\t\t<\/div>\n\t\t\t\t\t\t\t<\/div>\n\t\t\t\t\t\t<\/a>\n\t\t\t\t\t\t<\/div>\n\t\t\t\t<\/div>\n\t\t\t\t<div class=\"elementor-element elementor-element-4298a4d elementor-cta--skin-cover elementor-animated-content elementor-bg-transform elementor-bg-transform-zoom-in elementor-widget elementor-widget-call-to-action\" data-id=\"4298a4d\" data-element_type=\"widget\" data-e-type=\"widget\" data-widget_type=\"call-to-action.default\">\n\t\t\t\t<div class=\"elementor-widget-container\">\n\t\t\t\t\t\t\t<a class=\"elementor-cta\" href=\"https:\/\/visitvendsyssel.dk\/en\/strandby-butikker\/\">\n\t\t\t\t\t<div class=\"elementor-cta__bg-wrapper\">\n\t\t\t\t<div class=\"elementor-cta__bg elementor-bg\" style=\"background-image: url(https:\/\/i0.wp.com\/visitvendsyssel.dk\/wp-content\/uploads\/2024\/06\/Knud-Thomsen-3.webp?fit=800%2C593&#038;ssl=1);\" role=\"img\" aria-label=\"Knud Thomsen 3\"><\/div>\n\t\t\t\t<div class=\"elementor-cta__bg-overlay\"><\/div>\n\t\t\t<\/div>\n\t\t\t\t\t\t\t<div class=\"elementor-cta__content\">\n\t\t\t\t\n\t\t\t\t\n\t\t\t\t\t\t\t\t\t<div class=\"elementor-cta__description elementor-cta__content-item elementor-content-item elementor-animated-item--grow\">\n\t\t\t\t\t\tLocal stores in Strandby\t\t\t\t\t<\/div>\n\t\t\t\t\n\t\t\t\t\t\t\t\t\t<div class=\"elementor-cta__button-wrapper elementor-cta__content-item elementor-content-item elementor-animated-item--grow\">\n\t\t\t\t\t<span class=\"elementor-cta__button elementor-button elementor-size-\">\n\t\t\t\t\t\tClick here\t\t\t\t\t<\/span>\n\t\t\t\t\t<\/div>\n\t\t\t\t\t\t\t<\/div>\n\t\t\t\t\t\t<\/a>\n\t\t\t\t\t\t<\/div>\n\t\t\t\t<\/div>\n\t\t\t\t<div class=\"elementor-element elementor-element-020a12d elementor-cta--skin-cover elementor-animated-content elementor-bg-transform elementor-bg-transform-zoom-in elementor-widget elementor-widget-call-to-action\" data-id=\"020a12d\" data-element_type=\"widget\" data-e-type=\"widget\" data-widget_type=\"call-to-action.default\">\n\t\t\t\t<div class=\"elementor-widget-container\">\n\t\t\t\t\t\t\t<a class=\"elementor-cta\" href=\"https:\/\/visitvendsyssel.dk\/en\/strandby-oplevelser\/\">\n\t\t\t\t\t<div class=\"elementor-cta__bg-wrapper\">\n\t\t\t\t<div class=\"elementor-cta__bg elementor-bg\" style=\"background-image: url(https:\/\/i0.wp.com\/visitvendsyssel.dk\/wp-content\/uploads\/2024\/06\/Screenshot-2024-06-23-at-03.23.07.webp?fit=800%2C588&#038;ssl=1);\" role=\"img\" aria-label=\"Screenshot 2024-06-23 at 03.23.07\"><\/div>\n\t\t\t\t<div class=\"elementor-cta__bg-overlay\"><\/div>\n\t\t\t<\/div>\n\t\t\t\t\t\t\t<div class=\"elementor-cta__content\">\n\t\t\t\t\n\t\t\t\t\n\t\t\t\t\t\t\t\t\t<div class=\"elementor-cta__description elementor-cta__content-item elementor-content-item elementor-animated-item--grow\">\n\t\t\t\t\t\tThe best experiences in Strandby\t\t\t\t\t<\/div>\n\t\t\t\t\n\t\t\t\t\t\t\t\t\t<div class=\"elementor-cta__button-wrapper elementor-cta__content-item elementor-content-item elementor-animated-item--grow\">\n\t\t\t\t\t<span class=\"elementor-cta__button elementor-button elementor-size-\">\n\t\t\t\t\t\tClick here\t\t\t\t\t<\/span>\n\t\t\t\t\t<\/div>\n\t\t\t\t\t\t\t<\/div>\n\t\t\t\t\t\t<\/a>\n\t\t\t\t\t\t<\/div>\n\t\t\t\t<\/div>\n\t\t\t\t<\/div>\n\t\t<div data-particle_enable=\"false\" data-particle-mobile-disabled=\"false\" class=\"elementor-element elementor-element-fd4ddd0 e-con-full e-flex e-con e-child\" data-id=\"fd4ddd0\" data-element_type=\"container\" data-e-type=\"container\">\n\t\t<div data-particle_enable=\"false\" data-particle-mobile-disabled=\"false\" class=\"elementor-element elementor-element-a371718 e-con-full e-flex e-con e-child\" data-id=\"a371718\" data-element_type=\"container\" data-e-type=\"container\">\n\t\t\t\t<div class=\"elementor-element elementor-element-7daf9db9 elementor-widget elementor-widget-heading\" data-id=\"7daf9db9\" data-element_type=\"widget\" data-e-type=\"widget\" data-widget_type=\"heading.default\">\n\t\t\t\t<div class=\"elementor-widget-container\">\n\t\t\t\t\t<h6 class=\"elementor-heading-title elementor-size-default\"><a href=\"https:\/\/visitvendsyssel.dk\/en\/category\/frederikshavn\/\" rel=\"tag\">Frederikshavn<\/a>, <a href=\"https:\/\/visitvendsyssel.dk\/en\/category\/vendsyssel\/\" rel=\"tag\">Vendsyssel<\/a><\/h6>\t\t\t\t<\/div>\n\t\t\t\t<\/div>\n\t\t\t\t<div class=\"elementor-element elementor-element-5418fb23 elementor-widget__width-initial elementor-widget elementor-widget-heading\" data-id=\"5418fb23\" data-element_type=\"widget\" data-e-type=\"widget\" data-settings=\"{&quot;_animation&quot;:&quot;none&quot;,&quot;_animation_delay&quot;:200,&quot;_animation_tablet&quot;:&quot;fadeInLeft&quot;}\" data-widget_type=\"heading.default\">\n\t\t\t\t<div class=\"elementor-widget-container\">\n\t\t\t\t\t<h1 class=\"elementor-heading-title elementor-size-default\">Golden Harald guards the Arena Nord<\/h1>\t\t\t\t<\/div>\n\t\t\t\t<\/div>\n\t\t\t\t<div class=\"elementor-element elementor-element-187b0318 elementor-widget elementor-widget-image\" data-id=\"187b0318\" data-element_type=\"widget\" data-e-type=\"widget\" data-widget_type=\"image.default\">\n\t\t\t\t<div class=\"elementor-widget-container\">\n\t\t\t\t\t\t\t\t\t\t\t\t\t\t\t<img fetchpriority=\"high\" decoding=\"async\" width=\"691\" height=\"518\" src=\"https:\/\/i0.wp.com\/visitvendsyssel.dk\/wp-content\/uploads\/2024\/05\/Guld-Harald.webp?fit=691%2C518&amp;ssl=1\" class=\"attachment-large size-large wp-image-7957\" alt=\"\" srcset=\"https:\/\/i0.wp.com\/visitvendsyssel.dk\/wp-content\/uploads\/2024\/05\/Guld-Harald.webp?w=691&amp;ssl=1 691w, https:\/\/i0.wp.com\/visitvendsyssel.dk\/wp-content\/uploads\/2024\/05\/Guld-Harald.webp?resize=300%2C225&amp;ssl=1 300w, https:\/\/i0.wp.com\/visitvendsyssel.dk\/wp-content\/uploads\/2024\/05\/Guld-Harald.webp?resize=600%2C450&amp;ssl=1 600w, https:\/\/i0.wp.com\/visitvendsyssel.dk\/wp-content\/uploads\/2024\/05\/Guld-Harald.webp?resize=400%2C300&amp;ssl=1 400w, https:\/\/i0.wp.com\/visitvendsyssel.dk\/wp-content\/uploads\/2024\/05\/Guld-Harald.webp?resize=200%2C150&amp;ssl=1 200w\" sizes=\"(max-width: 691px) 100vw, 691px\" data-attachment-id=\"7957\" data-permalink=\"https:\/\/visitvendsyssel.dk\/de\/guld-harald-vogter-arena-nord\/guld-harald\/\" data-orig-file=\"https:\/\/i0.wp.com\/visitvendsyssel.dk\/wp-content\/uploads\/2024\/05\/Guld-Harald.webp?fit=691%2C518&amp;ssl=1\" data-orig-size=\"691,518\" data-comments-opened=\"1\" data-image-meta=\"{&quot;aperture&quot;:&quot;0&quot;,&quot;credit&quot;:&quot;&quot;,&quot;camera&quot;:&quot;&quot;,&quot;caption&quot;:&quot;&quot;,&quot;created_timestamp&quot;:&quot;0&quot;,&quot;copyright&quot;:&quot;&quot;,&quot;focal_length&quot;:&quot;0&quot;,&quot;iso&quot;:&quot;0&quot;,&quot;shutter_speed&quot;:&quot;0&quot;,&quot;title&quot;:&quot;&quot;,&quot;orientation&quot;:&quot;1&quot;}\" data-image-title=\"Guld Harald\" data-image-description=\"\" data-image-caption=\"\" data-large-file=\"https:\/\/i0.wp.com\/visitvendsyssel.dk\/wp-content\/uploads\/2024\/05\/Guld-Harald.webp?fit=691%2C518&amp;ssl=1\" \/>\t\t\t\t\t\t\t\t\t\t\t\t\t\t\t<\/div>\n\t\t\t\t<\/div>\n\t\t\t\t<div class=\"elementor-element elementor-element-34090793 elementor-widget elementor-widget-heading\" data-id=\"34090793\" data-element_type=\"widget\" data-e-type=\"widget\" data-widget_type=\"heading.default\">\n\t\t\t\t<div class=\"elementor-widget-container\">\n\t\t\t\t\t<h2 class=\"elementor-heading-title elementor-size-default\">Frederikshavn has produced many big names over the years. Actors, musicians and a few sportsmen - but the greatest of them all is the football player \"Guld-Harald\", who was the biggest star in Danish football in the 1960s<\/h2>\t\t\t\t<\/div>\n\t\t\t\t<\/div>\n\t\t\t\t<div class=\"elementor-element elementor-element-12606577 elementor-widget elementor-widget-text-editor\" data-id=\"12606577\" data-element_type=\"widget\" data-e-type=\"widget\" data-widget_type=\"text-editor.default\">\n\t\t\t\t<div class=\"elementor-widget-container\">\n\t\t\t\t\t\t\t\t\t<p>Teenager Harald Nielsen from the divisional club Frederikshavn joined the national team in 1959, and to this day he is the youngest player to have made his debut in the red shirt for Denmark. Harald was just 18 years old when he came on the pitch in Oslo against Norway - and scored his first of many goals for the national team.<\/p><p>The following year, he was the charming centrepiece of the Danish national team that sensationally won Olympic silver at the Rome Games and became a role model for the entire nation. Harald went on to become a professional in Italy, married Rudi from the 'Father of Four' films, and his career reached heights that almost no other Dane has achieved.<\/p><p>Hence the nickname \"Gold Harald\", because for a number of years it was as if everything Harald touched was gilded. He was also involved in the founding of FC Copenhagen, and after his career he and Rudi Nielsen established a successful business adventure in the capital.<\/p><p>It is therefore fitting that a statue of Harald Nielsen stands on the square in front of Frederikshavn's large Arena Nord. With hundreds of events of almost any size, there are activities in the arena all year round, and as a guest in Frederikshavn, there are plenty of reasons to visit Arena Nord.<\/p><p>Not least to commemorate one of the greatest Danish footballers. Because \"Guld-Harald\" guards the entrance, ready to shoot the ball into the net.<\/p><p>Photo: arenanord.dk<\/p>\t\t\t\t\t\t\t\t<\/div>\n\t\t\t\t<\/div>\n\t\t\t\t<\/div>\n\t\t\t\t<\/div>\n\t\t\t\t\t<\/div>\n\t\t\t\t<\/div>\n\t\t<div data-particle_enable=\"false\" data-particle-mobile-disabled=\"false\" class=\"elementor-element elementor-element-a5dcee6 e-flex e-con-boxed e-con e-parent\" data-id=\"a5dcee6\" data-element_type=\"container\" data-e-type=\"container\">\n\t\t\t\t\t<div class=\"e-con-inner\">\n\t\t\t\t<div class=\"elementor-element elementor-element-9c42c9e elementor-grid-eael-col-4 elementor-grid-tablet-eael-col-2 elementor-grid-mobile-eael-col-1 elementor-widget elementor-widget-eael-post-grid\" data-id=\"9c42c9e\" data-element_type=\"widget\" data-e-type=\"widget\" data-settings=\"{&quot;eael_post_grid_columns&quot;:&quot;eael-col-4&quot;,&quot;eael_post_grid_columns_tablet&quot;:&quot;eael-col-2&quot;,&quot;eael_post_grid_columns_mobile&quot;:&quot;eael-col-1&quot;}\" data-widget_type=\"eael-post-grid.default\">\n\t\t\t\t<div class=\"elementor-widget-container\">\n\t\t\t\t\t<div id=\"eael-post-grid-9c42c9e\" class=\"eael-post-grid-container\">\n            <div class=\"eael-post-grid eael-post-appender eael-post-appender-9c42c9e eael-post-grid-style-one\" data-layout-mode=\"grid\"><article class=\"eael-grid-post  eael-post-grid-column eael-pg-post-24536 category-skagen\" data-id=\"24536\">\n        <div class=\"eael-grid-post-holder\">\n            <div class=\"eael-grid-post-holder-inner\"><div class=\"eael-entry-media\"><div class=\"eael-entry-overlay fade-in\"><i class=\"fas fa-long-arrow-alt-right\" aria-hidden=\"true\"><\/i><a href=\"https:\/\/visitvendsyssel.dk\/en\/hjulmandkaptain-har-bakket-op-om-maraton-siden-2010-skagen-marathon-er-paa-et-meget-hoejt-niveau\/\"><\/a><\/div><div class=\"eael-entry-thumbnail\">\n                <img decoding=\"async\" data-attachment-id=\"24542\" data-permalink=\"https:\/\/visitvendsyssel.dk\/en\/hjulmandkaptain-har-bakket-op-om-maraton-siden-2010-skagen-marathon-er-paa-et-meget-hoejt-niveau\/hjulmandkaptajn\/\" data-orig-file=\"https:\/\/i0.wp.com\/visitvendsyssel.dk\/wp-content\/uploads\/2026\/09\/HjulmandKaptajn.webp?fit=1024%2C1024&amp;ssl=1\" data-orig-size=\"1024,1024\" data-comments-opened=\"0\" data-image-meta=\"{&quot;aperture&quot;:&quot;0&quot;,&quot;credit&quot;:&quot;&quot;,&quot;camera&quot;:&quot;&quot;,&quot;caption&quot;:&quot;&quot;,&quot;created_timestamp&quot;:&quot;0&quot;,&quot;copyright&quot;:&quot;&quot;,&quot;focal_length&quot;:&quot;0&quot;,&quot;iso&quot;:&quot;0&quot;,&quot;shutter_speed&quot;:&quot;0&quot;,&quot;title&quot;:&quot;&quot;,&quot;orientation&quot;:&quot;0&quot;,&quot;alt&quot;:&quot;&quot;}\" data-image-title=\"HjulmandKaptajn\" data-image-description=\"\" data-image-caption=\"\" data-large-file=\"https:\/\/i0.wp.com\/visitvendsyssel.dk\/wp-content\/uploads\/2026\/09\/HjulmandKaptajn.webp?fit=800%2C800&amp;ssl=1\" width=\"300\" height=\"300\" src=\"https:\/\/i0.wp.com\/visitvendsyssel.dk\/wp-content\/uploads\/2026\/09\/HjulmandKaptajn.webp?fit=300%2C300&amp;ssl=1\" class=\"attachment-medium size-medium wp-image-24542\" alt=\"\" srcset=\"https:\/\/i0.wp.com\/visitvendsyssel.dk\/wp-content\/uploads\/2026\/09\/HjulmandKaptajn.webp?w=1024&amp;ssl=1 1024w, https:\/\/i0.wp.com\/visitvendsyssel.dk\/wp-content\/uploads\/2026\/09\/HjulmandKaptajn.webp?resize=300%2C300&amp;ssl=1 300w, https:\/\/i0.wp.com\/visitvendsyssel.dk\/wp-content\/uploads\/2026\/09\/HjulmandKaptajn.webp?resize=150%2C150&amp;ssl=1 150w, https:\/\/i0.wp.com\/visitvendsyssel.dk\/wp-content\/uploads\/2026\/09\/HjulmandKaptajn.webp?resize=768%2C768&amp;ssl=1 768w, https:\/\/i0.wp.com\/visitvendsyssel.dk\/wp-content\/uploads\/2026\/09\/HjulmandKaptajn.webp?resize=12%2C12&amp;ssl=1 12w\" sizes=\"(max-width: 300px) 100vw, 300px\" \/>\n            <\/div>\n        <\/div><div class=\"eael-entry-wrapper\"><header class=\"eael-entry-header\"><h5 class=\"eael-entry-title\"><a class=\"eael-grid-post-link\" href=\"https:\/\/visitvendsyssel.dk\/en\/hjulmandkaptain-har-bakket-op-om-maraton-siden-2010-skagen-marathon-er-paa-et-meget-hoejt-niveau\/\" title=\"HjulmandKaptain has supported the marathon since 2010: \u201dSkagen Marathon is at a very high level\u201d\">HjulmandKaptain has supported the marathon since 2010: \u201dSkagen Marathon is at a very high level\u201d<\/a><\/h5><\/header><div class=\"eael-entry-content\">\n                        <div class=\"eael-grid-post-excerpt\"><a href=\"https:\/\/visitvendsyssel.dk\/en\/hjulmandkaptain-har-bakket-op-om-maraton-siden-2010-skagen-marathon-er-paa-et-meget-hoejt-niveau\/\" class=\"eael-post-elements-readmore-btn\">Read more about it<\/a><\/div>\n                    <\/div><\/div><\/div>\n        <\/div>\n    <\/article><article class=\"eael-grid-post  eael-post-grid-column eael-pg-post-24530 category-skagen\" data-id=\"24530\">\n        <div class=\"eael-grid-post-holder\">\n            <div class=\"eael-grid-post-holder-inner\"><div class=\"eael-entry-media\"><div class=\"eael-entry-overlay fade-in\"><i class=\"fas fa-long-arrow-alt-right\" aria-hidden=\"true\"><\/i><a href=\"https:\/\/visitvendsyssel.dk\/en\/naar-skagboerne-loefter-i-flok-derfor-har-spar-nord-vaeret-sponsor-af-skagen-marathon-siden-begyndelsen\/\"><\/a><\/div><div class=\"eael-entry-thumbnail\">\n                <img decoding=\"async\" data-attachment-id=\"24531\" data-permalink=\"https:\/\/visitvendsyssel.dk\/en\/naar-skagboerne-loefter-i-flok-derfor-har-spar-nord-vaeret-sponsor-af-skagen-marathon-siden-begyndelsen\/birgitte-pedersen-spar-nord-totalraadgiver\/\" data-orig-file=\"https:\/\/i0.wp.com\/visitvendsyssel.dk\/wp-content\/uploads\/2026\/09\/Birgitte-Pedersen-Spar-Nord-Totalraadgiver.webp?fit=451%2C640&amp;ssl=1\" data-orig-size=\"451,640\" data-comments-opened=\"0\" data-image-meta=\"{&quot;aperture&quot;:&quot;0&quot;,&quot;credit&quot;:&quot;&quot;,&quot;camera&quot;:&quot;&quot;,&quot;caption&quot;:&quot;&quot;,&quot;created_timestamp&quot;:&quot;0&quot;,&quot;copyright&quot;:&quot;&quot;,&quot;focal_length&quot;:&quot;0&quot;,&quot;iso&quot;:&quot;0&quot;,&quot;shutter_speed&quot;:&quot;0&quot;,&quot;title&quot;:&quot;&quot;,&quot;orientation&quot;:&quot;0&quot;,&quot;alt&quot;:&quot;&quot;}\" data-image-title=\"Birgitte Pedersen Spar Nord Totalr\u00e5dgiver\" data-image-description=\"\" data-image-caption=\"\" data-large-file=\"https:\/\/i0.wp.com\/visitvendsyssel.dk\/wp-content\/uploads\/2026\/09\/Birgitte-Pedersen-Spar-Nord-Totalraadgiver.webp?fit=451%2C640&amp;ssl=1\" width=\"211\" height=\"300\" src=\"https:\/\/i0.wp.com\/visitvendsyssel.dk\/wp-content\/uploads\/2026\/09\/Birgitte-Pedersen-Spar-Nord-Totalraadgiver.webp?fit=211%2C300&amp;ssl=1\" class=\"attachment-medium size-medium wp-image-24531\" alt=\"\" srcset=\"https:\/\/i0.wp.com\/visitvendsyssel.dk\/wp-content\/uploads\/2026\/09\/Birgitte-Pedersen-Spar-Nord-Totalraadgiver.webp?w=451&amp;ssl=1 451w, https:\/\/i0.wp.com\/visitvendsyssel.dk\/wp-content\/uploads\/2026\/09\/Birgitte-Pedersen-Spar-Nord-Totalraadgiver.webp?resize=211%2C300&amp;ssl=1 211w, https:\/\/i0.wp.com\/visitvendsyssel.dk\/wp-content\/uploads\/2026\/09\/Birgitte-Pedersen-Spar-Nord-Totalraadgiver.webp?resize=8%2C12&amp;ssl=1 8w\" sizes=\"(max-width: 211px) 100vw, 211px\" \/>\n            <\/div>\n        <\/div><div class=\"eael-entry-wrapper\"><header class=\"eael-entry-header\"><h5 class=\"eael-entry-title\"><a class=\"eael-grid-post-link\" href=\"https:\/\/visitvendsyssel.dk\/en\/naar-skagboerne-loefter-i-flok-derfor-har-spar-nord-vaeret-sponsor-af-skagen-marathon-siden-begyndelsen\/\" title=\"When the people of Skagen pull together: Why Spar Nord has sponsored Skagen Marathon since the beginning\">When the people of Skagen pull together: Why Spar Nord has sponsored Skagen Marathon since the beginning<\/a><\/h5><\/header><div class=\"eael-entry-content\">\n                        <div class=\"eael-grid-post-excerpt\"><a href=\"https:\/\/visitvendsyssel.dk\/en\/naar-skagboerne-loefter-i-flok-derfor-har-spar-nord-vaeret-sponsor-af-skagen-marathon-siden-begyndelsen\/\" class=\"eael-post-elements-readmore-btn\">Read more about it<\/a><\/div>\n                    <\/div><\/div><\/div>\n        <\/div>\n    <\/article><article class=\"eael-grid-post  eael-post-grid-column eael-pg-post-24524 category-skagen\" data-id=\"24524\">\n        <div class=\"eael-grid-post-holder\">\n            <div class=\"eael-grid-post-holder-inner\"><div class=\"eael-entry-media\"><div class=\"eael-entry-overlay fade-in\"><i class=\"fas fa-long-arrow-alt-right\" aria-hidden=\"true\"><\/i><a href=\"https:\/\/visitvendsyssel.dk\/en\/derfor-bakker-office-destination-op-om-skagen-marathon-vi-vil-gerne-deltage-i-det-lokale\/\"><\/a><\/div><div class=\"eael-entry-thumbnail\">\n                <img loading=\"lazy\" decoding=\"async\" data-attachment-id=\"24525\" data-permalink=\"https:\/\/visitvendsyssel.dk\/en\/derfor-bakker-office-destination-op-om-skagen-marathon-vi-vil-gerne-deltage-i-det-lokale\/officedestination-500x500\/\" data-orig-file=\"https:\/\/i0.wp.com\/visitvendsyssel.dk\/wp-content\/uploads\/2026\/09\/OfficeDestination-500x500-1.webp?fit=500%2C500&amp;ssl=1\" data-orig-size=\"500,500\" data-comments-opened=\"0\" data-image-meta=\"{&quot;aperture&quot;:&quot;0&quot;,&quot;credit&quot;:&quot;&quot;,&quot;camera&quot;:&quot;&quot;,&quot;caption&quot;:&quot;&quot;,&quot;created_timestamp&quot;:&quot;0&quot;,&quot;copyright&quot;:&quot;&quot;,&quot;focal_length&quot;:&quot;0&quot;,&quot;iso&quot;:&quot;0&quot;,&quot;shutter_speed&quot;:&quot;0&quot;,&quot;title&quot;:&quot;&quot;,&quot;orientation&quot;:&quot;0&quot;,&quot;alt&quot;:&quot;&quot;}\" data-image-title=\"OfficeDestination 500&amp;#215;500\" data-image-description=\"\" data-image-caption=\"\" data-large-file=\"https:\/\/i0.wp.com\/visitvendsyssel.dk\/wp-content\/uploads\/2026\/09\/OfficeDestination-500x500-1.webp?fit=500%2C500&amp;ssl=1\" width=\"300\" height=\"300\" src=\"https:\/\/i0.wp.com\/visitvendsyssel.dk\/wp-content\/uploads\/2026\/09\/OfficeDestination-500x500-1.webp?fit=300%2C300&amp;ssl=1\" class=\"attachment-medium size-medium wp-image-24525\" alt=\"\" srcset=\"https:\/\/i0.wp.com\/visitvendsyssel.dk\/wp-content\/uploads\/2026\/09\/OfficeDestination-500x500-1.webp?w=500&amp;ssl=1 500w, https:\/\/i0.wp.com\/visitvendsyssel.dk\/wp-content\/uploads\/2026\/09\/OfficeDestination-500x500-1.webp?resize=300%2C300&amp;ssl=1 300w, https:\/\/i0.wp.com\/visitvendsyssel.dk\/wp-content\/uploads\/2026\/09\/OfficeDestination-500x500-1.webp?resize=150%2C150&amp;ssl=1 150w, https:\/\/i0.wp.com\/visitvendsyssel.dk\/wp-content\/uploads\/2026\/09\/OfficeDestination-500x500-1.webp?resize=12%2C12&amp;ssl=1 12w\" sizes=\"(max-width: 300px) 100vw, 300px\" \/>\n            <\/div>\n        <\/div><div class=\"eael-entry-wrapper\"><header class=\"eael-entry-header\"><h5 class=\"eael-entry-title\"><a class=\"eael-grid-post-link\" href=\"https:\/\/visitvendsyssel.dk\/en\/derfor-bakker-office-destination-op-om-skagen-marathon-vi-vil-gerne-deltage-i-det-lokale\/\" title=\"That is why Office Destination supports Skagen Marathon: \u201dWe want to be part of the local community\u201d\">That is why Office Destination supports Skagen Marathon: \u201dWe want to be part of the local community\u201d<\/a><\/h5><\/header><div class=\"eael-entry-content\">\n                        <div class=\"eael-grid-post-excerpt\"><a href=\"https:\/\/visitvendsyssel.dk\/en\/derfor-bakker-office-destination-op-om-skagen-marathon-vi-vil-gerne-deltage-i-det-lokale\/\" class=\"eael-post-elements-readmore-btn\">Read more about it<\/a><\/div>\n                    <\/div><\/div><\/div>\n        <\/div>\n    <\/article><article class=\"eael-grid-post  eael-post-grid-column eael-pg-post-24504 category-skagen\" data-id=\"24504\">\n        <div class=\"eael-grid-post-holder\">\n            <div class=\"eael-grid-post-holder-inner\"><div class=\"eael-entry-media\"><div class=\"eael-entry-overlay fade-in\"><i class=\"fas fa-long-arrow-alt-right\" aria-hidden=\"true\"><\/i><a href=\"https:\/\/visitvendsyssel.dk\/en\/fra-maalstreg-til-menukort-jakobs-cafe-og-bar-har-bakket-op-om-skagen-marathon-fra-dag-et\/\"><\/a><\/div><div class=\"eael-entry-thumbnail\">\n                <img loading=\"lazy\" decoding=\"async\" data-attachment-id=\"15764\" data-permalink=\"https:\/\/visitvendsyssel.dk\/en\/jakobs-cafe-og-bar\/jakobs-cafe-bar-facade-fra-havnegade\/\" data-orig-file=\"https:\/\/i0.wp.com\/visitvendsyssel.dk\/wp-content\/uploads\/2024\/12\/Jakobs-Cafe-Bar-facade-fra-Havnegade.webp?fit=1536%2C1536&amp;ssl=1\" data-orig-size=\"1536,1536\" data-comments-opened=\"1\" data-image-meta=\"{&quot;aperture&quot;:&quot;0&quot;,&quot;credit&quot;:&quot;&quot;,&quot;camera&quot;:&quot;&quot;,&quot;caption&quot;:&quot;&quot;,&quot;created_timestamp&quot;:&quot;0&quot;,&quot;copyright&quot;:&quot;&quot;,&quot;focal_length&quot;:&quot;0&quot;,&quot;iso&quot;:&quot;0&quot;,&quot;shutter_speed&quot;:&quot;0&quot;,&quot;title&quot;:&quot;&quot;,&quot;orientation&quot;:&quot;0&quot;}\" data-image-title=\"Jakobs Cafe\u0301 &amp;#038; Bar facade fra Havnegade\" data-image-description=\"\" data-image-caption=\"\" data-large-file=\"https:\/\/i0.wp.com\/visitvendsyssel.dk\/wp-content\/uploads\/2024\/12\/Jakobs-Cafe-Bar-facade-fra-Havnegade.webp?fit=800%2C800&amp;ssl=1\" width=\"300\" height=\"300\" src=\"https:\/\/i0.wp.com\/visitvendsyssel.dk\/wp-content\/uploads\/2024\/12\/Jakobs-Cafe-Bar-facade-fra-Havnegade.webp?fit=300%2C300&amp;ssl=1\" class=\"attachment-medium size-medium wp-image-15764\" alt=\"\" srcset=\"https:\/\/i0.wp.com\/visitvendsyssel.dk\/wp-content\/uploads\/2024\/12\/Jakobs-Cafe-Bar-facade-fra-Havnegade.webp?w=1536&amp;ssl=1 1536w, https:\/\/i0.wp.com\/visitvendsyssel.dk\/wp-content\/uploads\/2024\/12\/Jakobs-Cafe-Bar-facade-fra-Havnegade.webp?resize=300%2C300&amp;ssl=1 300w, https:\/\/i0.wp.com\/visitvendsyssel.dk\/wp-content\/uploads\/2024\/12\/Jakobs-Cafe-Bar-facade-fra-Havnegade.webp?resize=1024%2C1024&amp;ssl=1 1024w, https:\/\/i0.wp.com\/visitvendsyssel.dk\/wp-content\/uploads\/2024\/12\/Jakobs-Cafe-Bar-facade-fra-Havnegade.webp?resize=150%2C150&amp;ssl=1 150w, https:\/\/i0.wp.com\/visitvendsyssel.dk\/wp-content\/uploads\/2024\/12\/Jakobs-Cafe-Bar-facade-fra-Havnegade.webp?resize=768%2C768&amp;ssl=1 768w, https:\/\/i0.wp.com\/visitvendsyssel.dk\/wp-content\/uploads\/2024\/12\/Jakobs-Cafe-Bar-facade-fra-Havnegade.webp?resize=12%2C12&amp;ssl=1 12w\" sizes=\"(max-width: 300px) 100vw, 300px\" \/>\n            <\/div>\n        <\/div><div class=\"eael-entry-wrapper\"><header class=\"eael-entry-header\"><h5 class=\"eael-entry-title\"><a class=\"eael-grid-post-link\" href=\"https:\/\/visitvendsyssel.dk\/en\/fra-maalstreg-til-menukort-jakobs-cafe-og-bar-har-bakket-op-om-skagen-marathon-fra-dag-et\/\" title=\"From finish line to menu: Jakobs Caf\u00e9 og Bar has supported Skagen Marathon from day one\">From finish line to menu: Jakobs Caf\u00e9 og Bar has supported Skagen Marathon from day one<\/a><\/h5><\/header><div class=\"eael-entry-content\">\n                        <div class=\"eael-grid-post-excerpt\"><a href=\"https:\/\/visitvendsyssel.dk\/en\/fra-maalstreg-til-menukort-jakobs-cafe-og-bar-har-bakket-op-om-skagen-marathon-fra-dag-et\/\" class=\"eael-post-elements-readmore-btn\">Read more about it<\/a><\/div>\n                    <\/div><\/div><\/div>\n        <\/div>\n    <\/article><article class=\"eael-grid-post  eael-post-grid-column eael-pg-post-24499 category-skagen\" data-id=\"24499\">\n        <div class=\"eael-grid-post-holder\">\n            <div class=\"eael-grid-post-holder-inner\"><div class=\"eael-entry-media\"><div class=\"eael-entry-overlay fade-in\"><i class=\"fas fa-long-arrow-alt-right\" aria-hidden=\"true\"><\/i><a href=\"https:\/\/visitvendsyssel.dk\/en\/danhostel-skagen-er-stolt-sponsor-af-skagen-marathon-vi-har-naesten-altid-fuldt-booket\/\"><\/a><\/div><div class=\"eael-entry-thumbnail\">\n                <img loading=\"lazy\" decoding=\"async\" data-attachment-id=\"14711\" data-permalink=\"https:\/\/visitvendsyssel.dk\/en\/danhostel-skagen\/danhostel-skagen-facade\/\" data-orig-file=\"https:\/\/i0.wp.com\/visitvendsyssel.dk\/wp-content\/uploads\/2024\/11\/Danhostel-Skagen-facade.webp?fit=1920%2C1440&amp;ssl=1\" data-orig-size=\"1920,1440\" data-comments-opened=\"1\" data-image-meta=\"{&quot;aperture&quot;:&quot;0&quot;,&quot;credit&quot;:&quot;&quot;,&quot;camera&quot;:&quot;&quot;,&quot;caption&quot;:&quot;&quot;,&quot;created_timestamp&quot;:&quot;0&quot;,&quot;copyright&quot;:&quot;&quot;,&quot;focal_length&quot;:&quot;0&quot;,&quot;iso&quot;:&quot;0&quot;,&quot;shutter_speed&quot;:&quot;0&quot;,&quot;title&quot;:&quot;&quot;,&quot;orientation&quot;:&quot;0&quot;}\" data-image-title=\"Danhostel Skagen facade\" data-image-description=\"\" data-image-caption=\"\" data-large-file=\"https:\/\/i0.wp.com\/visitvendsyssel.dk\/wp-content\/uploads\/2024\/11\/Danhostel-Skagen-facade.webp?fit=800%2C600&amp;ssl=1\" width=\"300\" height=\"225\" src=\"https:\/\/i0.wp.com\/visitvendsyssel.dk\/wp-content\/uploads\/2024\/11\/Danhostel-Skagen-facade.webp?fit=300%2C225&amp;ssl=1\" class=\"attachment-medium size-medium wp-image-14711\" alt=\"\" srcset=\"https:\/\/i0.wp.com\/visitvendsyssel.dk\/wp-content\/uploads\/2024\/11\/Danhostel-Skagen-facade.webp?w=1920&amp;ssl=1 1920w, https:\/\/i0.wp.com\/visitvendsyssel.dk\/wp-content\/uploads\/2024\/11\/Danhostel-Skagen-facade.webp?resize=300%2C225&amp;ssl=1 300w, https:\/\/i0.wp.com\/visitvendsyssel.dk\/wp-content\/uploads\/2024\/11\/Danhostel-Skagen-facade.webp?resize=1024%2C768&amp;ssl=1 1024w, https:\/\/i0.wp.com\/visitvendsyssel.dk\/wp-content\/uploads\/2024\/11\/Danhostel-Skagen-facade.webp?resize=768%2C576&amp;ssl=1 768w, https:\/\/i0.wp.com\/visitvendsyssel.dk\/wp-content\/uploads\/2024\/11\/Danhostel-Skagen-facade.webp?resize=1536%2C1152&amp;ssl=1 1536w, https:\/\/i0.wp.com\/visitvendsyssel.dk\/wp-content\/uploads\/2024\/11\/Danhostel-Skagen-facade.webp?resize=16%2C12&amp;ssl=1 16w, https:\/\/i0.wp.com\/visitvendsyssel.dk\/wp-content\/uploads\/2024\/11\/Danhostel-Skagen-facade.webp?w=1600&amp;ssl=1 1600w\" sizes=\"(max-width: 300px) 100vw, 300px\" \/>\n            <\/div>\n        <\/div><div class=\"eael-entry-wrapper\"><header class=\"eael-entry-header\"><h5 class=\"eael-entry-title\"><a class=\"eael-grid-post-link\" href=\"https:\/\/visitvendsyssel.dk\/en\/danhostel-skagen-er-stolt-sponsor-af-skagen-marathon-vi-har-naesten-altid-fuldt-booket\/\" title=\"Danhostel Skagen is a proud sponsor of Skagen Marathon: \u201dWe are almost always fully booked\u201d\">Danhostel Skagen is a proud sponsor of Skagen Marathon: \u201dWe are almost always fully booked\u201d<\/a><\/h5><\/header><div class=\"eael-entry-content\">\n                        <div class=\"eael-grid-post-excerpt\"><a href=\"https:\/\/visitvendsyssel.dk\/en\/danhostel-skagen-er-stolt-sponsor-af-skagen-marathon-vi-har-naesten-altid-fuldt-booket\/\" class=\"eael-post-elements-readmore-btn\">Read more about it<\/a><\/div>\n                    <\/div><\/div><\/div>\n        <\/div>\n    <\/article><article class=\"eael-grid-post  eael-post-grid-column eael-pg-post-24475 category-skagen\" data-id=\"24475\">\n        <div class=\"eael-grid-post-holder\">\n            <div class=\"eael-grid-post-holder-inner\"><div class=\"eael-entry-media\"><div class=\"eael-entry-overlay fade-in\"><i class=\"fas fa-long-arrow-alt-right\" aria-hidden=\"true\"><\/i><a href=\"https:\/\/visitvendsyssel.dk\/en\/derfor-investerer-sparekassen-danmark-i-skagen-marathon-det-giver-noget-til-byen\/\"><\/a><\/div><div class=\"eael-entry-thumbnail\">\n                <img loading=\"lazy\" decoding=\"async\" data-attachment-id=\"24476\" data-permalink=\"https:\/\/visitvendsyssel.dk\/en\/derfor-investerer-sparekassen-danmark-i-skagen-marathon-det-giver-noget-til-byen\/rasmus-rump-rasmussen\/\" data-orig-file=\"https:\/\/i0.wp.com\/visitvendsyssel.dk\/wp-content\/uploads\/2026\/08\/Rasmus-Rump-Rasmussen.jpg?fit=400%2C400&amp;ssl=1\" data-orig-size=\"400,400\" data-comments-opened=\"0\" data-image-meta=\"{&quot;aperture&quot;:&quot;0&quot;,&quot;credit&quot;:&quot;&quot;,&quot;camera&quot;:&quot;&quot;,&quot;caption&quot;:&quot;&quot;,&quot;created_timestamp&quot;:&quot;0&quot;,&quot;copyright&quot;:&quot;&quot;,&quot;focal_length&quot;:&quot;0&quot;,&quot;iso&quot;:&quot;0&quot;,&quot;shutter_speed&quot;:&quot;0&quot;,&quot;title&quot;:&quot;&quot;,&quot;orientation&quot;:&quot;0&quot;,&quot;alt&quot;:&quot;&quot;}\" data-image-title=\"Rasmus Rump Rasmussen\" data-image-description=\"\" data-image-caption=\"\" data-large-file=\"https:\/\/i0.wp.com\/visitvendsyssel.dk\/wp-content\/uploads\/2026\/08\/Rasmus-Rump-Rasmussen.jpg?fit=400%2C400&amp;ssl=1\" width=\"300\" height=\"300\" src=\"https:\/\/i0.wp.com\/visitvendsyssel.dk\/wp-content\/uploads\/2026\/08\/Rasmus-Rump-Rasmussen.jpg?fit=300%2C300&amp;ssl=1\" class=\"attachment-medium size-medium wp-image-24476\" alt=\"\" srcset=\"https:\/\/i0.wp.com\/visitvendsyssel.dk\/wp-content\/uploads\/2026\/08\/Rasmus-Rump-Rasmussen.jpg?w=400&amp;ssl=1 400w, https:\/\/i0.wp.com\/visitvendsyssel.dk\/wp-content\/uploads\/2026\/08\/Rasmus-Rump-Rasmussen.jpg?resize=300%2C300&amp;ssl=1 300w, https:\/\/i0.wp.com\/visitvendsyssel.dk\/wp-content\/uploads\/2026\/08\/Rasmus-Rump-Rasmussen.jpg?resize=150%2C150&amp;ssl=1 150w, https:\/\/i0.wp.com\/visitvendsyssel.dk\/wp-content\/uploads\/2026\/08\/Rasmus-Rump-Rasmussen.jpg?resize=12%2C12&amp;ssl=1 12w\" sizes=\"(max-width: 300px) 100vw, 300px\" \/>\n            <\/div>\n        <\/div><div class=\"eael-entry-wrapper\"><header class=\"eael-entry-header\"><h5 class=\"eael-entry-title\"><a class=\"eael-grid-post-link\" href=\"https:\/\/visitvendsyssel.dk\/en\/derfor-investerer-sparekassen-danmark-i-skagen-marathon-det-giver-noget-til-byen\/\" title=\"Why Sparekassen Danmark is investing in the Skagen Marathon: \u201cIt gives something back to the town\u201d\">Why Sparekassen Danmark is investing in the Skagen Marathon: \u201cIt gives something back to the town\u201d<\/a><\/h5><\/header><div class=\"eael-entry-content\">\n                        <div class=\"eael-grid-post-excerpt\"><a href=\"https:\/\/visitvendsyssel.dk\/en\/derfor-investerer-sparekassen-danmark-i-skagen-marathon-det-giver-noget-til-byen\/\" class=\"eael-post-elements-readmore-btn\">Read more about it<\/a><\/div>\n                    <\/div><\/div><\/div>\n        <\/div>\n    <\/article><article class=\"eael-grid-post  eael-post-grid-column eael-pg-post-21666 category-skagen\" data-id=\"21666\">\n        <div class=\"eael-grid-post-holder\">\n            <div class=\"eael-grid-post-holder-inner\"><div class=\"eael-entry-media\"><div class=\"eael-entry-overlay fade-in\"><i class=\"fas fa-long-arrow-alt-right\" aria-hidden=\"true\"><\/i><a href=\"https:\/\/visitvendsyssel.dk\/en\/udvikling-og-nutidig-betydning-120-aars-jubilaeum\/\"><\/a><\/div><div class=\"eael-entry-thumbnail\">\n                <img loading=\"lazy\" decoding=\"async\" data-attachment-id=\"21662\" data-permalink=\"https:\/\/visitvendsyssel.dk\/en\/badeliv-paa-skagen-1024x1024\/\" data-orig-file=\"https:\/\/i0.wp.com\/visitvendsyssel.dk\/wp-content\/uploads\/2026\/04\/Badeliv-paa-Skagen-1024x1024-1.webp?fit=1024%2C1024&amp;ssl=1\" data-orig-size=\"1024,1024\" data-comments-opened=\"1\" data-image-meta=\"{&quot;aperture&quot;:&quot;0&quot;,&quot;credit&quot;:&quot;&quot;,&quot;camera&quot;:&quot;&quot;,&quot;caption&quot;:&quot;&quot;,&quot;created_timestamp&quot;:&quot;0&quot;,&quot;copyright&quot;:&quot;&quot;,&quot;focal_length&quot;:&quot;0&quot;,&quot;iso&quot;:&quot;0&quot;,&quot;shutter_speed&quot;:&quot;0&quot;,&quot;title&quot;:&quot;&quot;,&quot;orientation&quot;:&quot;0&quot;}\" data-image-title=\"Badeliv p\u00e5 Skagen 1024&amp;#215;1024\" data-image-description=\"&lt;p&gt;Billedet viser fem m\u00e6nd i badebukser, der st\u00e5r i vandet ved stranden, symboliserer 120 \u00e5rs udvikling og nutidig betydning i Vendsyssel.&lt;\/p&gt;\" data-image-caption=\"&lt;p&gt;Historisk foto af m\u00e6nd ved stranden, markerer 120 \u00e5rs jubil\u00e6um for udvikling og betydning i Vendsyssel.&lt;\/p&gt;\" data-large-file=\"https:\/\/i0.wp.com\/visitvendsyssel.dk\/wp-content\/uploads\/2026\/04\/Badeliv-paa-Skagen-1024x1024-1.webp?fit=800%2C800&amp;ssl=1\" width=\"300\" height=\"300\" src=\"https:\/\/i0.wp.com\/visitvendsyssel.dk\/wp-content\/uploads\/2026\/04\/Badeliv-paa-Skagen-1024x1024-1.webp?fit=300%2C300&amp;ssl=1\" class=\"attachment-medium size-medium wp-image-21662\" alt=\"A group of men in swimming trunks stand at the water&#039;s edge on the beach, celebrating the 120th anniversary of development and.\" srcset=\"https:\/\/i0.wp.com\/visitvendsyssel.dk\/wp-content\/uploads\/2026\/04\/Badeliv-paa-Skagen-1024x1024-1.webp?w=1024&amp;ssl=1 1024w, https:\/\/i0.wp.com\/visitvendsyssel.dk\/wp-content\/uploads\/2026\/04\/Badeliv-paa-Skagen-1024x1024-1.webp?resize=300%2C300&amp;ssl=1 300w, https:\/\/i0.wp.com\/visitvendsyssel.dk\/wp-content\/uploads\/2026\/04\/Badeliv-paa-Skagen-1024x1024-1.webp?resize=150%2C150&amp;ssl=1 150w, https:\/\/i0.wp.com\/visitvendsyssel.dk\/wp-content\/uploads\/2026\/04\/Badeliv-paa-Skagen-1024x1024-1.webp?resize=768%2C768&amp;ssl=1 768w, https:\/\/i0.wp.com\/visitvendsyssel.dk\/wp-content\/uploads\/2026\/04\/Badeliv-paa-Skagen-1024x1024-1.webp?resize=12%2C12&amp;ssl=1 12w\" sizes=\"(max-width: 300px) 100vw, 300px\" \/>\n            <\/div>\n        <\/div><div class=\"eael-entry-wrapper\"><header class=\"eael-entry-header\"><h5 class=\"eael-entry-title\"><a class=\"eael-grid-post-link\" href=\"https:\/\/visitvendsyssel.dk\/en\/udvikling-og-nutidig-betydning-120-aars-jubilaeum\/\" title=\"Development and contemporary significance \u2013 120th anniversary\">Development and contemporary significance \u2013 120th anniversary<\/a><\/h5><\/header><div class=\"eael-entry-content\">\n                        <div class=\"eael-grid-post-excerpt\"><a href=\"https:\/\/visitvendsyssel.dk\/en\/udvikling-og-nutidig-betydning-120-aars-jubilaeum\/\" class=\"eael-post-elements-readmore-btn\">Read more about it<\/a><\/div>\n                    <\/div><\/div><\/div>\n        <\/div>\n    <\/article><article class=\"eael-grid-post  eael-post-grid-column eael-pg-post-21647 category-skagen\" data-id=\"21647\">\n        <div class=\"eael-grid-post-holder\">\n            <div class=\"eael-grid-post-holder-inner\"><div class=\"eael-entry-media\"><div class=\"eael-entry-overlay fade-in\"><i class=\"fas fa-long-arrow-alt-right\" aria-hidden=\"true\"><\/i><a href=\"https:\/\/visitvendsyssel.dk\/en\/tiden-imellem-120-aars-jubilaeum\/\"><\/a><\/div><div class=\"eael-entry-thumbnail\">\n                <img loading=\"lazy\" decoding=\"async\" data-attachment-id=\"21638\" data-permalink=\"https:\/\/visitvendsyssel.dk\/en\/fra-opstart-og-de-foerste-aar\/gammel-sandormen-1024x1024\/\" data-orig-file=\"https:\/\/i0.wp.com\/visitvendsyssel.dk\/wp-content\/uploads\/2026\/04\/Gammel-Sandormen-1024x1024-1.webp?fit=1024%2C1024&amp;ssl=1\" data-orig-size=\"1024,1024\" data-comments-opened=\"1\" data-image-meta=\"{&quot;aperture&quot;:&quot;0&quot;,&quot;credit&quot;:&quot;&quot;,&quot;camera&quot;:&quot;&quot;,&quot;caption&quot;:&quot;&quot;,&quot;created_timestamp&quot;:&quot;0&quot;,&quot;copyright&quot;:&quot;&quot;,&quot;focal_length&quot;:&quot;0&quot;,&quot;iso&quot;:&quot;0&quot;,&quot;shutter_speed&quot;:&quot;0&quot;,&quot;title&quot;:&quot;&quot;,&quot;orientation&quot;:&quot;0&quot;}\" data-image-title=\"Gammel Sandormen 1024&amp;#215;1024\" data-image-description=\"&lt;p&gt;Billedet viser Sandormen, en historisk traktor med turistvogn, der har spillet en vigtig rolle i Vendsyssels turisme og lokalhistorie gennem \u00e5rene.&lt;\/p&gt;\" data-image-caption=\"&lt;p&gt;Historisk sandorm p\u00e5 stranden i Vendsyssel, en del af omr\u00e5dets kulturarv og turistattraktion.&lt;\/p&gt;\" data-large-file=\"https:\/\/i0.wp.com\/visitvendsyssel.dk\/wp-content\/uploads\/2026\/04\/Gammel-Sandormen-1024x1024-1.webp?fit=800%2C800&amp;ssl=1\" width=\"300\" height=\"300\" src=\"https:\/\/i0.wp.com\/visitvendsyssel.dk\/wp-content\/uploads\/2026\/04\/Gammel-Sandormen-1024x1024-1.webp?fit=300%2C300&amp;ssl=1\" class=\"attachment-medium size-medium wp-image-21638\" alt=\"The Sandworm on the beach in Vendsyssel, a historic tractor with a tourist carriage, a symbol of local culture and history.\" srcset=\"https:\/\/i0.wp.com\/visitvendsyssel.dk\/wp-content\/uploads\/2026\/04\/Gammel-Sandormen-1024x1024-1.webp?w=1024&amp;ssl=1 1024w, https:\/\/i0.wp.com\/visitvendsyssel.dk\/wp-content\/uploads\/2026\/04\/Gammel-Sandormen-1024x1024-1.webp?resize=300%2C300&amp;ssl=1 300w, https:\/\/i0.wp.com\/visitvendsyssel.dk\/wp-content\/uploads\/2026\/04\/Gammel-Sandormen-1024x1024-1.webp?resize=150%2C150&amp;ssl=1 150w, https:\/\/i0.wp.com\/visitvendsyssel.dk\/wp-content\/uploads\/2026\/04\/Gammel-Sandormen-1024x1024-1.webp?resize=768%2C768&amp;ssl=1 768w, https:\/\/i0.wp.com\/visitvendsyssel.dk\/wp-content\/uploads\/2026\/04\/Gammel-Sandormen-1024x1024-1.webp?resize=12%2C12&amp;ssl=1 12w\" sizes=\"(max-width: 300px) 100vw, 300px\" \/>\n            <\/div>\n        <\/div><div class=\"eael-entry-wrapper\"><header class=\"eael-entry-header\"><h5 class=\"eael-entry-title\"><a class=\"eael-grid-post-link\" href=\"https:\/\/visitvendsyssel.dk\/en\/tiden-imellem-120-aars-jubilaeum\/\" title=\"The Interim \u2013 120th Anniversary\">The Interim \u2013 120th Anniversary<\/a><\/h5><\/header><div class=\"eael-entry-content\">\n                        <div class=\"eael-grid-post-excerpt\"><a href=\"https:\/\/visitvendsyssel.dk\/en\/tiden-imellem-120-aars-jubilaeum\/\" class=\"eael-post-elements-readmore-btn\">Read more about it<\/a><\/div>\n                    <\/div><\/div><\/div>\n        <\/div>\n    <\/article><article class=\"eael-grid-post  eael-post-grid-column eael-pg-post-21636 category-skagen\" data-id=\"21636\">\n        <div class=\"eael-grid-post-holder\">\n            <div class=\"eael-grid-post-holder-inner\"><div class=\"eael-entry-media\"><div class=\"eael-entry-overlay fade-in\"><i class=\"fas fa-long-arrow-alt-right\" aria-hidden=\"true\"><\/i><a href=\"https:\/\/visitvendsyssel.dk\/en\/fra-opstart-og-de-foerste-aar\/\"><\/a><\/div><div class=\"eael-entry-thumbnail\">\n                <img loading=\"lazy\" decoding=\"async\" data-attachment-id=\"21637\" data-permalink=\"https:\/\/visitvendsyssel.dk\/en\/fra-opstart-og-de-foerste-aar\/badeliv-grenen-gammel-1024x1024\/\" data-orig-file=\"https:\/\/i0.wp.com\/visitvendsyssel.dk\/wp-content\/uploads\/2026\/04\/Badeliv-Grenen-gammel-1024x1024-1.webp?fit=1025%2C1024&amp;ssl=1\" data-orig-size=\"1025,1024\" data-comments-opened=\"1\" data-image-meta=\"{&quot;aperture&quot;:&quot;0&quot;,&quot;credit&quot;:&quot;&quot;,&quot;camera&quot;:&quot;&quot;,&quot;caption&quot;:&quot;&quot;,&quot;created_timestamp&quot;:&quot;0&quot;,&quot;copyright&quot;:&quot;&quot;,&quot;focal_length&quot;:&quot;0&quot;,&quot;iso&quot;:&quot;0&quot;,&quot;shutter_speed&quot;:&quot;0&quot;,&quot;title&quot;:&quot;&quot;,&quot;orientation&quot;:&quot;0&quot;}\" data-image-title=\"Badeliv Grenen gammel 1024&amp;#215;1024\" data-image-description=\"&lt;p&gt;Billedet viser unge, der nyder en dag ved stranden, symboliserer skolens lange historie og traditioner i Vendsyssel.&lt;\/p&gt;\" data-image-caption=\"&lt;p&gt;Historisk billede af unge ved Vendsyssel-stranden, der markerer 120 \u00e5rs jubil\u00e6um for opstarten.&lt;\/p&gt;\" data-large-file=\"https:\/\/i0.wp.com\/visitvendsyssel.dk\/wp-content\/uploads\/2026\/04\/Badeliv-Grenen-gammel-1024x1024-1.webp?fit=800%2C799&amp;ssl=1\" width=\"300\" height=\"300\" src=\"https:\/\/i0.wp.com\/visitvendsyssel.dk\/wp-content\/uploads\/2026\/04\/Badeliv-Grenen-gammel-1024x1024-1.webp?fit=300%2C300&amp;ssl=1\" class=\"attachment-medium size-medium wp-image-21637\" alt=\"Folk college students on the beach in a historical photo from the start of the 1900s.\" srcset=\"https:\/\/i0.wp.com\/visitvendsyssel.dk\/wp-content\/uploads\/2026\/04\/Badeliv-Grenen-gammel-1024x1024-1.webp?w=1025&amp;ssl=1 1025w, https:\/\/i0.wp.com\/visitvendsyssel.dk\/wp-content\/uploads\/2026\/04\/Badeliv-Grenen-gammel-1024x1024-1.webp?resize=300%2C300&amp;ssl=1 300w, https:\/\/i0.wp.com\/visitvendsyssel.dk\/wp-content\/uploads\/2026\/04\/Badeliv-Grenen-gammel-1024x1024-1.webp?resize=150%2C150&amp;ssl=1 150w, https:\/\/i0.wp.com\/visitvendsyssel.dk\/wp-content\/uploads\/2026\/04\/Badeliv-Grenen-gammel-1024x1024-1.webp?resize=768%2C767&amp;ssl=1 768w, https:\/\/i0.wp.com\/visitvendsyssel.dk\/wp-content\/uploads\/2026\/04\/Badeliv-Grenen-gammel-1024x1024-1.webp?resize=12%2C12&amp;ssl=1 12w\" sizes=\"(max-width: 300px) 100vw, 300px\" \/>\n            <\/div>\n        <\/div><div class=\"eael-entry-wrapper\"><header class=\"eael-entry-header\"><h5 class=\"eael-entry-title\"><a class=\"eael-grid-post-link\" href=\"https:\/\/visitvendsyssel.dk\/en\/fra-opstart-og-de-foerste-aar\/\" title=\"From startup and the first years \u2013 120th anniversary\">From startup and the first years \u2013 120th anniversary<\/a><\/h5><\/header><div class=\"eael-entry-content\">\n                        <div class=\"eael-grid-post-excerpt\"><a href=\"https:\/\/visitvendsyssel.dk\/en\/fra-opstart-og-de-foerste-aar\/\" class=\"eael-post-elements-readmore-btn\">Read more about it<\/a><\/div>\n                    <\/div><\/div><\/div>\n        <\/div>\n    <\/article><article class=\"eael-grid-post  eael-post-grid-column eael-pg-post-21629 category-vendsyssel\" data-id=\"21629\">\n        <div class=\"eael-grid-post-holder\">\n            <div class=\"eael-grid-post-holder-inner\"><div class=\"eael-entry-media\"><div class=\"eael-entry-overlay fade-in\"><i class=\"fas fa-long-arrow-alt-right\" aria-hidden=\"true\"><\/i><a href=\"https:\/\/visitvendsyssel.dk\/en\/slowguide-langsomme-oplevelser-i-vendsyssel\/\"><\/a><\/div><div class=\"eael-entry-thumbnail\">\n                <img loading=\"lazy\" decoding=\"async\" data-attachment-id=\"21623\" data-permalink=\"https:\/\/visitvendsyssel.dk\/en\/smykkedesigner-susanne-lanng\/\" data-orig-file=\"https:\/\/i0.wp.com\/visitvendsyssel.dk\/wp-content\/uploads\/2026\/04\/Smykkedesigner-Susanne-Lanng.webp?fit=1024%2C1024&amp;ssl=1\" data-orig-size=\"1024,1024\" data-comments-opened=\"1\" data-image-meta=\"{&quot;aperture&quot;:&quot;0&quot;,&quot;credit&quot;:&quot;&quot;,&quot;camera&quot;:&quot;&quot;,&quot;caption&quot;:&quot;&quot;,&quot;created_timestamp&quot;:&quot;0&quot;,&quot;copyright&quot;:&quot;&quot;,&quot;focal_length&quot;:&quot;0&quot;,&quot;iso&quot;:&quot;0&quot;,&quot;shutter_speed&quot;:&quot;0&quot;,&quot;title&quot;:&quot;&quot;,&quot;orientation&quot;:&quot;0&quot;}\" data-image-title=\"Smykkedesigner Susanne Lanng\" data-image-description=\"&lt;p&gt;Dette billede viser en smuk halsk\u00e6de med perle og guld vedh\u00e6ng, placeret p\u00e5 en tr\u00e6overflade, ideelt til mode- og smykkenturisme i Vendsyssel.&lt;\/p&gt;\" data-image-caption=\"&lt;p&gt;Elegant smykke med perle og guld, perfekt til stilfulde anledninger.&lt;\/p&gt;\" data-large-file=\"https:\/\/i0.wp.com\/visitvendsyssel.dk\/wp-content\/uploads\/2026\/04\/Smykkedesigner-Susanne-Lanng.webp?fit=800%2C800&amp;ssl=1\" width=\"300\" height=\"300\" src=\"https:\/\/i0.wp.com\/visitvendsyssel.dk\/wp-content\/uploads\/2026\/04\/Smykkedesigner-Susanne-Lanng.webp?fit=300%2C300&amp;ssl=1\" class=\"attachment-medium size-medium wp-image-21623\" alt=\"High-quality pearl and gold necklace with a jewellery pendant on a wooden surface.\" srcset=\"https:\/\/i0.wp.com\/visitvendsyssel.dk\/wp-content\/uploads\/2026\/04\/Smykkedesigner-Susanne-Lanng.webp?w=1024&amp;ssl=1 1024w, https:\/\/i0.wp.com\/visitvendsyssel.dk\/wp-content\/uploads\/2026\/04\/Smykkedesigner-Susanne-Lanng.webp?resize=300%2C300&amp;ssl=1 300w, https:\/\/i0.wp.com\/visitvendsyssel.dk\/wp-content\/uploads\/2026\/04\/Smykkedesigner-Susanne-Lanng.webp?resize=150%2C150&amp;ssl=1 150w, https:\/\/i0.wp.com\/visitvendsyssel.dk\/wp-content\/uploads\/2026\/04\/Smykkedesigner-Susanne-Lanng.webp?resize=768%2C768&amp;ssl=1 768w, https:\/\/i0.wp.com\/visitvendsyssel.dk\/wp-content\/uploads\/2026\/04\/Smykkedesigner-Susanne-Lanng.webp?resize=12%2C12&amp;ssl=1 12w\" sizes=\"(max-width: 300px) 100vw, 300px\" \/>\n            <\/div>\n        <\/div><div class=\"eael-entry-wrapper\"><header class=\"eael-entry-header\"><h5 class=\"eael-entry-title\"><a class=\"eael-grid-post-link\" href=\"https:\/\/visitvendsyssel.dk\/en\/slowguide-langsomme-oplevelser-i-vendsyssel\/\" title=\"Slowguide \u2013 Slow experiences in Vendsyssel\">Slowguide \u2013 Slow experiences in Vendsyssel<\/a><\/h5><\/header><div class=\"eael-entry-content\">\n                        <div class=\"eael-grid-post-excerpt\"><a href=\"https:\/\/visitvendsyssel.dk\/en\/slowguide-langsomme-oplevelser-i-vendsyssel\/\" class=\"eael-post-elements-readmore-btn\">Read more about it<\/a><\/div>\n                    <\/div><\/div><\/div>\n        <\/div>\n    <\/article><article class=\"eael-grid-post  eael-post-grid-column eael-pg-post-20495 category-saeby-vendsyssel\" data-id=\"20495\">\n        <div class=\"eael-grid-post-holder\">\n            <div class=\"eael-grid-post-holder-inner\"><div class=\"eael-entry-media\"><div class=\"eael-entry-overlay fade-in\"><i class=\"fas fa-long-arrow-alt-right\" aria-hidden=\"true\"><\/i><a href=\"https:\/\/visitvendsyssel.dk\/en\/hjem-til-froeken-madsens-spisehus\/\"><\/a><\/div><div class=\"eael-entry-thumbnail\">\n                <img loading=\"lazy\" decoding=\"async\" data-attachment-id=\"20507\" data-permalink=\"https:\/\/visitvendsyssel.dk\/en\/hjem-til-froeken-madsens-spisehus\/smoerrebroed-hos-frk-madsen-16-9\/\" data-orig-file=\"https:\/\/i0.wp.com\/visitvendsyssel.dk\/wp-content\/uploads\/2025\/09\/Smoerrebroed-hos-Frk.-Madsen-16-9.jpg?fit=3640%2C2048&amp;ssl=1\" data-orig-size=\"3640,2048\" data-comments-opened=\"1\" data-image-meta=\"{&quot;aperture&quot;:&quot;1.6&quot;,&quot;credit&quot;:&quot;&quot;,&quot;camera&quot;:&quot;iPhone 12 Pro&quot;,&quot;caption&quot;:&quot;&quot;,&quot;created_timestamp&quot;:&quot;1754052414&quot;,&quot;copyright&quot;:&quot;&quot;,&quot;focal_length&quot;:&quot;4.2&quot;,&quot;iso&quot;:&quot;160&quot;,&quot;shutter_speed&quot;:&quot;0.02&quot;,&quot;title&quot;:&quot;&quot;,&quot;orientation&quot;:&quot;1&quot;}\" data-image-title=\"Sm\u00f8rrebr\u00f8d hos Frk. Madsen 16 9\" data-image-description=\"&lt;p&gt;Billedet viser et udvalg af l\u00e6kre retter og tapas p\u00e5 et rustikt tr\u00e6bord i det hyggelige spisested, der er kendt for sin lokale madkultur i Vendsyssel.&lt;\/p&gt;\" data-image-caption=\"&lt;p&gt;Fr\u00f8ken Madsens Spisehus i Vendsyssel tilbyder lokale specialiteter og hyggelig atmosf\u00e6re. Perfekt for en autentisk madoplevelse i Nordjylland.&lt;\/p&gt;\" data-large-file=\"https:\/\/i0.wp.com\/visitvendsyssel.dk\/wp-content\/uploads\/2025\/09\/Smoerrebroed-hos-Frk.-Madsen-16-9.jpg?fit=800%2C450&amp;ssl=1\" width=\"300\" height=\"169\" src=\"https:\/\/i0.wp.com\/visitvendsyssel.dk\/wp-content\/uploads\/2025\/09\/Smoerrebroed-hos-Frk.-Madsen-16-9.jpg?fit=300%2C169&amp;ssl=1\" class=\"attachment-medium size-medium wp-image-20507\" alt=\"Delicious open-faced sandwich buffet at Mrs. Madsen&#039;s\" srcset=\"https:\/\/i0.wp.com\/visitvendsyssel.dk\/wp-content\/uploads\/2025\/09\/Smoerrebroed-hos-Frk.-Madsen-16-9.jpg?w=3640&amp;ssl=1 3640w, https:\/\/i0.wp.com\/visitvendsyssel.dk\/wp-content\/uploads\/2025\/09\/Smoerrebroed-hos-Frk.-Madsen-16-9.jpg?resize=300%2C169&amp;ssl=1 300w, https:\/\/i0.wp.com\/visitvendsyssel.dk\/wp-content\/uploads\/2025\/09\/Smoerrebroed-hos-Frk.-Madsen-16-9.jpg?resize=1024%2C576&amp;ssl=1 1024w, https:\/\/i0.wp.com\/visitvendsyssel.dk\/wp-content\/uploads\/2025\/09\/Smoerrebroed-hos-Frk.-Madsen-16-9.jpg?resize=768%2C432&amp;ssl=1 768w, https:\/\/i0.wp.com\/visitvendsyssel.dk\/wp-content\/uploads\/2025\/09\/Smoerrebroed-hos-Frk.-Madsen-16-9.jpg?resize=1536%2C864&amp;ssl=1 1536w, https:\/\/i0.wp.com\/visitvendsyssel.dk\/wp-content\/uploads\/2025\/09\/Smoerrebroed-hos-Frk.-Madsen-16-9.jpg?resize=2048%2C1152&amp;ssl=1 2048w, https:\/\/i0.wp.com\/visitvendsyssel.dk\/wp-content\/uploads\/2025\/09\/Smoerrebroed-hos-Frk.-Madsen-16-9.jpg?resize=18%2C10&amp;ssl=1 18w, https:\/\/i0.wp.com\/visitvendsyssel.dk\/wp-content\/uploads\/2025\/09\/Smoerrebroed-hos-Frk.-Madsen-16-9.jpg?w=1600&amp;ssl=1 1600w, https:\/\/i0.wp.com\/visitvendsyssel.dk\/wp-content\/uploads\/2025\/09\/Smoerrebroed-hos-Frk.-Madsen-16-9.jpg?w=2400&amp;ssl=1 2400w\" sizes=\"(max-width: 300px) 100vw, 300px\" \/>\n            <\/div>\n        <\/div><div class=\"eael-entry-wrapper\"><header class=\"eael-entry-header\"><h5 class=\"eael-entry-title\"><a class=\"eael-grid-post-link\" href=\"https:\/\/visitvendsyssel.dk\/en\/hjem-til-froeken-madsens-spisehus\/\" title=\"Home to Miss Madsen&#039;s Eatery\">Home to Miss Madsen's Eatery<\/a><\/h5><\/header><div class=\"eael-entry-content\">\n                        <div class=\"eael-grid-post-excerpt\"><a href=\"https:\/\/visitvendsyssel.dk\/en\/hjem-til-froeken-madsens-spisehus\/\" class=\"eael-post-elements-readmore-btn\">Read more about it<\/a><\/div>\n                    <\/div><\/div><\/div>\n        <\/div>\n    <\/article><article class=\"eael-grid-post  eael-post-grid-column eael-pg-post-20398 category-skagen-vendsyssel\" data-id=\"20398\">\n        <div class=\"eael-grid-post-holder\">\n            <div class=\"eael-grid-post-holder-inner\"><div class=\"eael-entry-media\"><div class=\"eael-entry-overlay fade-in\"><i class=\"fas fa-long-arrow-alt-right\" aria-hidden=\"true\"><\/i><a href=\"https:\/\/visitvendsyssel.dk\/en\/danhostel-skagen-er-klar-til-vinterbaderfestivalen\/\"><\/a><\/div><div class=\"eael-entry-thumbnail\">\n                <img loading=\"lazy\" decoding=\"async\" data-attachment-id=\"20387\" data-permalink=\"https:\/\/visitvendsyssel.dk\/en\/danhostel-skagen-2\/\" data-orig-file=\"https:\/\/i0.wp.com\/visitvendsyssel.dk\/wp-content\/uploads\/2025\/09\/Danhostel-Skagen.png?fit=945%2C602&amp;ssl=1\" data-orig-size=\"945,602\" data-comments-opened=\"1\" data-image-meta=\"{&quot;aperture&quot;:&quot;0&quot;,&quot;credit&quot;:&quot;&quot;,&quot;camera&quot;:&quot;&quot;,&quot;caption&quot;:&quot;&quot;,&quot;created_timestamp&quot;:&quot;0&quot;,&quot;copyright&quot;:&quot;&quot;,&quot;focal_length&quot;:&quot;0&quot;,&quot;iso&quot;:&quot;0&quot;,&quot;shutter_speed&quot;:&quot;0&quot;,&quot;title&quot;:&quot;&quot;,&quot;orientation&quot;:&quot;0&quot;}\" data-image-title=\"Danhostel Skagen\" data-image-description=\"&lt;p&gt;Et vinterbillede af et gult hus i Vendsyssel, omgivet af sne, med sned\u00e6kkede tr\u00e6er og en rolig, fredelig atmosf\u00e6re, ideelt for vinterturister.&lt;\/p&gt;\" data-image-caption=\"&lt;p&gt;Hus i Vendsyssel d\u00e6kket af sne, omgivet af vinterlandskab og snekl\u00e6dte tr\u00e6er. Perfekt til vinterferie og naturoplevelser.&lt;\/p&gt;\" data-large-file=\"https:\/\/i0.wp.com\/visitvendsyssel.dk\/wp-content\/uploads\/2025\/09\/Danhostel-Skagen.png?fit=800%2C510&amp;ssl=1\" width=\"300\" height=\"191\" src=\"https:\/\/i0.wp.com\/visitvendsyssel.dk\/wp-content\/uploads\/2025\/09\/Danhostel-Skagen.png?fit=300%2C191&amp;ssl=1\" class=\"attachment-medium size-medium wp-image-20387\" alt=\"Danhostel in Skagen in winter attire\" srcset=\"https:\/\/i0.wp.com\/visitvendsyssel.dk\/wp-content\/uploads\/2025\/09\/Danhostel-Skagen.png?w=945&amp;ssl=1 945w, https:\/\/i0.wp.com\/visitvendsyssel.dk\/wp-content\/uploads\/2025\/09\/Danhostel-Skagen.png?resize=300%2C191&amp;ssl=1 300w, https:\/\/i0.wp.com\/visitvendsyssel.dk\/wp-content\/uploads\/2025\/09\/Danhostel-Skagen.png?resize=768%2C489&amp;ssl=1 768w, https:\/\/i0.wp.com\/visitvendsyssel.dk\/wp-content\/uploads\/2025\/09\/Danhostel-Skagen.png?resize=18%2C12&amp;ssl=1 18w\" sizes=\"(max-width: 300px) 100vw, 300px\" \/>\n            <\/div>\n        <\/div><div class=\"eael-entry-wrapper\"><header class=\"eael-entry-header\"><h5 class=\"eael-entry-title\"><a class=\"eael-grid-post-link\" href=\"https:\/\/visitvendsyssel.dk\/en\/danhostel-skagen-er-klar-til-vinterbaderfestivalen\/\" title=\"Danhostel Skagen is ready for the winter swimming festival\">Danhostel Skagen is ready for the winter swimming festival<\/a><\/h5><\/header><div class=\"eael-entry-content\">\n                        <div class=\"eael-grid-post-excerpt\"><a href=\"https:\/\/visitvendsyssel.dk\/en\/danhostel-skagen-er-klar-til-vinterbaderfestivalen\/\" class=\"eael-post-elements-readmore-btn\">Read more about it<\/a><\/div>\n                    <\/div><\/div><\/div>\n        <\/div>\n    <\/article><\/div>\n            <div class=\"clearfix\"><\/div>\n        <\/div>            <div class=\"eael-load-more-button-wrap eael-force-hide\">\n                <button class=\"eael-load-more-button\" id=\"eael-load-more-btn-9c42c9e\" data-widget-id=\"9c42c9e\" data-widget=\"9c42c9e\" data-page-id=\"7956\" data-template=\"{&quot;dir&quot;:&quot;lite&quot;,&quot;file_name&quot;:&quot;one.php&quot;,&quot;name&quot;:&quot;Post-Grid&quot;}\" data-class=\"Essential_Addons_Elementor\\Elements\\Post_Grid\" data-layout=\"grid\" data-page=\"1\" data-args=\"orderby=date&amp;order=desc&amp;ignore_sticky_posts=1&amp;post_status=publish&amp;posts_per_page=12&amp;offset=0&amp;post_type=post\" data-max-page=\"3\">\n                    <span class=\"eael-btn-loader button__loader\"><\/span>\n                    <span class=\"eael_load_more_text\">Load More<\/span>\n                <\/button>\n            <\/div>\n            \t\t\t\t<\/div>\n\t\t\t\t<\/div>\n\t\t\t\t\t<\/div>\n\t\t\t\t<\/div>\n\t\t\t\t<\/div>","protected":false},"excerpt":{"rendered":"<p>Steder at spise i Strandby Klik her Lokale butikker i Strandby Klik her De bedste oplevelser i Strandby Klik her Frederikshavn har fostret mange store navne i tidens l\u00f8b. Skuespillere, musikere og enkelte sportsfolk \u2013 men den st\u00f8rste af dem alle er fodboldspilleren \u201dGuld-Harald\u201d, der var den st\u00f8rste stjerne i dansk fodbold i 1960\u2019erne Teenageren [&hellip;]<\/p>\n","protected":false},"author":249072019,"featured_media":7957,"comment_status":"closed","ping_status":"closed","sticky":false,"template":"","format":"standard","meta":{"_jetpack_newsletter_access":"","_jetpack_dont_email_post_to_subs":false,"_jetpack_newsletter_tier_id":0,"_jetpack_memberships_contains_paywalled_content":false,"_wpcom_ai_launchpad_first_post":false,"_jetpack_feature_clip_id":0,"_jetpack_memberships_contains_paid_content":false,"footnotes":"","jetpack_post_was_ever_published":false},"categories":[1376,1405],"tags":[],"class_list":["post-7956","post","type-post","status-publish","format-standard","has-post-thumbnail","hentry","category-frederikshavn","category-vendsyssel"],"jetpack_sharing_enabled":true,"jetpack_shortlink":"https:\/\/wp.me\/pfGbFv-24k","jetpack_featured_media_url":"https:\/\/i0.wp.com\/visitvendsyssel.dk\/wp-content\/uploads\/2024\/05\/Guld-Harald.webp?fit=691%2C518&ssl=1","_links":{"self":[{"href":"https:\/\/visitvendsyssel.dk\/en\/wp-json\/wp\/v2\/posts\/7956","targetHints":{"allow":["GET"]}}],"collection":[{"href":"https:\/\/visitvendsyssel.dk\/en\/wp-json\/wp\/v2\/posts"}],"about":[{"href":"https:\/\/visitvendsyssel.dk\/en\/wp-json\/wp\/v2\/types\/post"}],"author":[{"embeddable":true,"href":"https:\/\/visitvendsyssel.dk\/en\/wp-json\/wp\/v2\/users\/249072019"}],"replies":[{"embeddable":true,"href":"https:\/\/visitvendsyssel.dk\/en\/wp-json\/wp\/v2\/comments?post=7956"}],"version-history":[{"count":27,"href":"https:\/\/visitvendsyssel.dk\/en\/wp-json\/wp\/v2\/posts\/7956\/revisions"}],"predecessor-version":[{"id":12666,"href":"https:\/\/visitvendsyssel.dk\/en\/wp-json\/wp\/v2\/posts\/7956\/revisions\/12666"}],"wp:featuredmedia":[{"embeddable":true,"href":"https:\/\/visitvendsyssel.dk\/en\/wp-json\/wp\/v2\/media\/7957"}],"wp:attachment":[{"href":"https:\/\/visitvendsyssel.dk\/en\/wp-json\/wp\/v2\/media?parent=7956"}],"wp:term":[{"taxonomy":"category","embeddable":true,"href":"https:\/\/visitvendsyssel.dk\/en\/wp-json\/wp\/v2\/categories?post=7956"},{"taxonomy":"post_tag","embeddable":true,"href":"https:\/\/visitvendsyssel.dk\/en\/wp-json\/wp\/v2\/tags?post=7956"}],"curies":[{"name":"wp","href":"https:\/\/api.w.org\/{rel}","templated":true}]}}